{"id":29135,"date":"2025-06-18T11:56:38","date_gmt":"2025-06-18T09:56:38","guid":{"rendered":"https:\/\/www.strasser.co.at\/?p=29135"},"modified":"2025-06-18T11:58:09","modified_gmt":"2025-06-18T09:58:09","slug":"neue-produktionskraft-bei-ellegast-uebergabe-von-seydelmann-maschinen","status":"publish","type":"post","link":"https:\/\/www.strasser.co.at\/de\/unkategorisiert\/neue-produktionskraft-bei-ellegast-uebergabe-von-seydelmann-maschinen\/","title":{"rendered":"Neue Produktionskraft bei Ellegast: \u00dcbergabe von Seydelmann-Maschinen"},"content":{"rendered":"<p>Die Fleischerei Ellegast hat ihre Produktionslinie um zwei hochmoderne Maschinen erweitert:<\/p>\n<ul>\n<li><strong>Vakuum-Kutter K124 H AC-8<\/strong><\/li>\n<li><strong>Winkelwolf AE130\/3<\/strong>, beide von der Firma Seydelmann.<\/li>\n<\/ul>\n<p>Mit dieser Investition setzt Ellegast konsequent auf Qualit\u00e4t, Pr\u00e4zision und Leistung in der Fleischverarbeitung. Die Maschinen wurden k\u00fcrzlich direkt am Standort \u00fcbergeben \u2013 ein starkes Zeichen f\u00fcr die Weiterentwicklung und Zukunftsorientierung des Unternehmens.<\/p>\n<p>Wir danken Ellegast f\u00fcr das entgegengebrachte Vertrauen und freuen uns \u00fcber die weitere erfolgreiche Zusammenarbeit.<\/p>\n","protected":false},"excerpt":{"rendered":"<p>Die Fleischerei Ellegast hat ihre Produktionslinie um zwei hochmoderne Maschinen erweitert: Vakuum-Kutter K124 H AC-8 Winkelwolf AE130\/3, beide von der Firma Seydelmann. Mit dieser Investition setzt Ellegast konsequent auf Qualit\u00e4t, Pr\u00e4zision und Leistung in der Fleischverarbeitung. Die Maschinen wurden k\u00fcrzlich direkt am Standort \u00fcbergeben \u2013 ein starkes Zeichen f\u00fcr die Weiterentwicklung und Zukunftsorientierung des Unternehmens. &#8230; <a title=\"Neue Produktionskraft bei Ellegast: \u00dcbergabe von Seydelmann-Maschinen\" class=\"read-more\" href=\"https:\/\/www.strasser.co.at\/de\/unkategorisiert\/neue-produktionskraft-bei-ellegast-uebergabe-von-seydelmann-maschinen\/\" aria-label=\"Mehr dazu unter Neue Produktionskraft bei Ellegast: \u00dcbergabe von Seydelmann-Maschinen\">Weiterlesen<\/a><\/p>\n","protected":false},"author":18,"featured_media":29139,"comment_status":"closed","ping_status":"closed","sticky":false,"template":"","format":"standard","meta":{"_acf_changed":false,"_crsspst_to_strasser-maschinench":false,"inline_featured_image":false,"footnotes":""},"categories":[1],"tags":[],"class_list":["post-29135","post","type-post","status-publish","format-standard","has-post-thumbnail","hentry","category-unkategorisiert"],"acf":[],"_links":{"self":[{"href":"https:\/\/www.strasser.co.at\/de\/wp-json\/wp\/v2\/posts\/29135","targetHints":{"allow":["GET"]}}],"collection":[{"href":"https:\/\/www.strasser.co.at\/de\/wp-json\/wp\/v2\/posts"}],"about":[{"href":"https:\/\/www.strasser.co.at\/de\/wp-json\/wp\/v2\/types\/post"}],"author":[{"embeddable":true,"href":"https:\/\/www.strasser.co.at\/de\/wp-json\/wp\/v2\/users\/18"}],"replies":[{"embeddable":true,"href":"https:\/\/www.strasser.co.at\/de\/wp-json\/wp\/v2\/comments?post=29135"}],"version-history":[{"count":1,"href":"https:\/\/www.strasser.co.at\/de\/wp-json\/wp\/v2\/posts\/29135\/revisions"}],"predecessor-version":[{"id":29138,"href":"https:\/\/www.strasser.co.at\/de\/wp-json\/wp\/v2\/posts\/29135\/revisions\/29138"}],"wp:featuredmedia":[{"embeddable":true,"href":"https:\/\/www.strasser.co.at\/de\/wp-json\/wp\/v2\/media\/29139"}],"wp:attachment":[{"href":"https:\/\/www.strasser.co.at\/de\/wp-json\/wp\/v2\/media?parent=29135"}],"wp:term":[{"taxonomy":"category","embeddable":true,"href":"https:\/\/www.strasser.co.at\/de\/wp-json\/wp\/v2\/categories?post=29135"},{"taxonomy":"post_tag","embeddable":true,"href":"https:\/\/www.strasser.co.at\/de\/wp-json\/wp\/v2\/tags?post=29135"}],"curies":[{"name":"wp","href":"https:\/\/api.w.org\/{rel}","templated":true}]}}